{"id":17544,"date":"2024-04-13T17:16:35","date_gmt":"2024-04-13T15:16:35","guid":{"rendered":"https:\/\/www.triacca.com\/?p=17544"},"modified":"2024-04-13T17:25:39","modified_gmt":"2024-04-13T15:25:39","slug":"vinitaly-2024","status":"publish","type":"post","link":"https:\/\/www.triacca.com\/it\/vinitaly-2024\/","title":{"rendered":"Vinitaly 2024"},"content":{"rendered":"\n<h2 class=\"wp-block-heading\" style=\"font-style:normal;font-weight:100\"><strong>EVENTI E FIERE A CUI PARTECIPEREMO<\/strong><\/h2>\n\n\n\n<p style=\"letter-spacing:1px\"><strong>Dal 14 al 17 aprile 2024<\/strong> ci troverete a Verona per la 56esima edizione di <strong>Vinitaly<\/strong>, il salone internazionale dei vini e distillati.<\/p>\n\n\n\n<p style=\"letter-spacing:1px\">Vinitaly \u00e8 <strong>la prima fiera del vino e dei distillat<\/strong>i rivolta agli operatori del business sui <strong>mercati internazionali<\/strong>, con circa 1200 top-buyer, numero in crescita del 20% sull\u2019edizione 2023 e del 70% rispetto a 2 anni fa. Vinitaly infatti nasce in Italia, a Verona, ma la sua&nbsp;vocazione \u00e8&nbsp;<strong>internazionale<\/strong>: vi parteciperanno produttori di tutto il Made in Italy enologico, provenienti da tutte le regioni italiane, ma anche da oltre 30 nazioni.<\/p>\n\n\n\n<p style=\"letter-spacing:1px\">Da 55 anni \u00e8 sinonimo&nbsp;di coinvolgimento dell\u2019<strong>intera filiera vinicola&nbsp;globale<\/strong>, con quattro giorni dedicati allo sviluppo delle&nbsp;<strong>relazioni&nbsp;tra produttori, buyer e stakeholder<\/strong>, che incontrandosi potranno condividere&nbsp;esperienze e competenze.&nbsp;<\/p>\n\n\n\n<div style=\"height:50px\" aria-hidden=\"true\" class=\"wp-block-spacer\"><\/div>\n\n\n\n<h2 class=\"wp-block-heading\" style=\"font-style:normal;font-weight:100\"><strong>VINITALY AND THE CITY<\/strong><\/h2>\n\n\n\n<p style=\"letter-spacing:1px\"><strong>Vinitaly and the City<\/strong>&nbsp;accoglie i&nbsp;<strong><em>wine lover<\/em><\/strong>&nbsp;<strong>nel cuore&nbsp;antico di Verona<\/strong>, una delle pi\u00f9 importanti capitali&nbsp;mondiali del vino.&nbsp;\u200b<\/p>\n\n\n\n<div style=\"height:50px\" aria-hidden=\"true\" class=\"wp-block-spacer\"><\/div>\n\n\n\n<figure class=\"wp-block-image aligncenter size-full\"><img fetchpriority=\"high\" decoding=\"async\" width=\"813\" height=\"807\" src=\"https:\/\/www.triacca.com\/wp-content\/uploads\/2024\/04\/vinitaly-and-the-city.png\" alt=\"\" class=\"wp-image-17549\" srcset=\"https:\/\/www.triacca.com\/wp-content\/uploads\/2024\/04\/vinitaly-and-the-city.png 813w, https:\/\/www.triacca.com\/wp-content\/uploads\/2024\/04\/vinitaly-and-the-city-300x298.png 300w, https:\/\/www.triacca.com\/wp-content\/uploads\/2024\/04\/vinitaly-and-the-city-150x150.png 150w, https:\/\/www.triacca.com\/wp-content\/uploads\/2024\/04\/vinitaly-and-the-city-768x762.png 768w\" sizes=\"(max-width: 813px) 100vw, 813px\" \/><\/figure>\n\n\n\n<div style=\"height:50px\" aria-hidden=\"true\" class=\"wp-block-spacer\"><\/div>\n\n\n\n<h2 class=\"wp-block-heading\" style=\"font-style:normal;font-weight:100\"><strong>COSA ACCADR\u00c0 A VINITALY 2024<\/strong><\/h2>\n\n\n\n<div style=\"height:50px\" aria-hidden=\"true\" class=\"wp-block-spacer\"><\/div>\n\n\n\n<div class=\"wp-block-media-text is-stacked-on-mobile\"><figure class=\"wp-block-media-text__media\"><img decoding=\"async\" width=\"549\" height=\"443\" src=\"https:\/\/www.triacca.com\/wp-content\/uploads\/2024\/04\/vinitaly-esterno.png\" alt=\"\" class=\"wp-image-17553 size-full\" srcset=\"https:\/\/www.triacca.com\/wp-content\/uploads\/2024\/04\/vinitaly-esterno.png 549w, https:\/\/www.triacca.com\/wp-content\/uploads\/2024\/04\/vinitaly-esterno-300x242.png 300w\" sizes=\"(max-width: 549px) 100vw, 549px\" \/><\/figure><div class=\"wp-block-media-text__content\">\n<p style=\"letter-spacing:1px\"><strong>Aree tematiche <\/strong>che intercettano le tendenze di consumo, per garantire un\u2019evoluzione in linea con le esigenze del mercato.<\/p>\n\n\n\n<p style=\"letter-spacing:1px\">Oltre 80 appuntamenti di <strong>degustazioni<\/strong>, per un viaggio alla scoperta di tutta l\u2019Italia, ma con uno sguardo aperto sul mondo.<\/p>\n<\/div><\/div>\n\n\n\n<div style=\"height:50px\" aria-hidden=\"true\" class=\"wp-block-spacer\"><\/div>\n\n\n\n<h2 class=\"wp-block-heading\" style=\"font-style:normal;font-weight:100\"><strong>CASA VINICOLA TRIACCA A VINITALY<\/strong><\/h2>\n\n\n\n<div style=\"height:50px\" aria-hidden=\"true\" class=\"wp-block-spacer\"><\/div>\n\n\n\n<div class=\"wp-block-media-text is-stacked-on-mobile\"><figure class=\"wp-block-media-text__media\"><img decoding=\"async\" width=\"729\" height=\"791\" src=\"https:\/\/www.triacca.com\/wp-content\/uploads\/2024\/04\/vinitaly-efi.png\" alt=\"\" class=\"wp-image-17557 size-full\" srcset=\"https:\/\/www.triacca.com\/wp-content\/uploads\/2024\/04\/vinitaly-efi.png 729w, https:\/\/www.triacca.com\/wp-content\/uploads\/2024\/04\/vinitaly-efi-276x300.png 276w\" sizes=\"(max-width: 729px) 100vw, 729px\" \/><\/figure><div class=\"wp-block-media-text__content\">\n<p>Quest\u2019anno \u201critorniamo\u201d al Vinitaly con lo stand Valtellina, tramite il Consorzio tutela Vini Valtellina. Saremo presenti con tutti e tre i nostri marchi <strong><a href=\"https:\/\/shop.triacca.com\/it\/prodotti\/marchi\/la-gatta.html\" target=\"_blank\" rel=\"noreferrer noopener\">Triacca &#8211; Valtellina<\/a><\/strong>, <strong><a href=\"https:\/\/shop.triacca.com\/it\/prodotti\/marchi\/la-madonnina.html\" target=\"_blank\" rel=\"noreferrer noopener\">La Madonnina &#8211; Chianti Classico<\/a><\/strong> e <strong><a href=\"https:\/\/shop.triacca.com\/it\/prodotti\/marchi\/santavenere.html\" target=\"_blank\" rel=\"noreferrer noopener\">Santavenere &#8211; Nobile di Montepulciano<\/a><\/strong>, presso lo stand di <strong>EFI<\/strong> (Edoardo Freddi International) nel padiglione <strong>PALAEXPO<\/strong>, Padiglione Lombardia.<\/p>\n<\/div><\/div>\n\n\n\n<div style=\"height:50px\" aria-hidden=\"true\" class=\"wp-block-spacer\"><\/div>\n\n\n\n<p style=\"letter-spacing:1px\">Questa ormai alle porte sar\u00e0 la prima edizione di Vinitaly dove presenteremo ufficialmente i nostri <strong>tre nuovi brand <\/strong>del gruppo Triacca; potremo cos\u00ec presentare anche le nostre <strong><a href=\"https:\/\/www.triacca.com\/it\/un-nuovo-look-per-il-brand-la-madonnina\/\" target=\"_blank\" rel=\"noreferrer noopener\">nuove etichette<\/a><\/strong>.<\/p>\n\n\n\n<p style=\"letter-spacing:1px\">Il calendario appuntamenti \u00e8 molto fitto e la vetrina sar\u00e0 ancora pi\u00f9 ampia grazie a questa doppia presenza di postazione.<\/p>\n\n\n\n<div style=\"height:50px\" aria-hidden=\"true\" class=\"wp-block-spacer\"><\/div>\n\n\n\n<figure class=\"wp-block-image size-large\"><a href=\"https:\/\/www.triacca.com\/it\/un-nuovo-look-per-il-brand-la-madonnina\/\" target=\"_blank\" rel=\"noreferrer noopener\"><img loading=\"lazy\" decoding=\"async\" width=\"1024\" height=\"657\" src=\"https:\/\/www.triacca.com\/wp-content\/uploads\/2024\/03\/la-madonnina-linea-completa-1024x657.jpg\" alt=\"\" class=\"wp-image-17346\" srcset=\"https:\/\/www.triacca.com\/wp-content\/uploads\/2024\/03\/la-madonnina-linea-completa-1024x657.jpg 1024w, https:\/\/www.triacca.com\/wp-content\/uploads\/2024\/03\/la-madonnina-linea-completa-300x192.jpg 300w, https:\/\/www.triacca.com\/wp-content\/uploads\/2024\/03\/la-madonnina-linea-completa-768x492.jpg 768w, https:\/\/www.triacca.com\/wp-content\/uploads\/2024\/03\/la-madonnina-linea-completa-1536x985.jpg 1536w, https:\/\/www.triacca.com\/wp-content\/uploads\/2024\/03\/la-madonnina-linea-completa.jpg 1920w\" sizes=\"(max-width: 1024px) 100vw, 1024px\" \/><\/a><\/figure>\n","protected":false},"excerpt":{"rendered":"<p>EVENTI E FIERE A CUI PARTECIPEREMO Dal 14 al 17 aprile 2024 ci troverete a Verona per la 56esima edizione di Vinitaly, il salone internazionale dei vini e distillati. Vinitaly \u00e8 la prima fiera del vino e dei distillati rivolta agli operatori del business sui mercati internazionali, con circa 1200 top-buyer, numero in crescita del [&hellip;]<\/p>\n","protected":false},"author":11,"featured_media":17546,"comment_status":"closed","ping_status":"open","sticky":false,"template":"","format":"standard","meta":{"_mo_disable_npp":"","footnotes":""},"categories":[84,1],"tags":[90,318,97,322,88,220,319,316,317,320,321],"class_list":["post-17544","post","type-post","status-publish","format-standard","has-post-thumbnail","hentry","category-eventi","category-non-categorizzato","tag-chianticlassico","tag-edoardofreddiinternational","tag-lamadonnina","tag-nuovibrand","tag-santavenere","tag-valtellina-2","tag-verona","tag-vinitaly","tag-vinitaly2024","tag-vinitalyandthecity","tag-vinonobiledimontepulciano"],"yoast_head":"<!-- This site is optimized with the Yoast SEO plugin v27.1.1 - https:\/\/yoast.com\/product\/yoast-seo-wordpress\/ -->\n<title>Vinitaly 2024 - Casa Vinicola Triacca<\/title>\n<meta name=\"robots\" content=\"index, follow, max-snippet:-1, max-image-preview:large, max-video-preview:-1\" \/>\n<link rel=\"canonical\" href=\"https:\/\/www.triacca.com\/it\/vinitaly-2024\/\" \/>\n<meta property=\"og:locale\" content=\"it_IT\" \/>\n<meta property=\"og:type\" content=\"article\" \/>\n<meta property=\"og:title\" content=\"Vinitaly 2024 - Casa Vinicola Triacca\" \/>\n<meta property=\"og:description\" content=\"EVENTI E FIERE A CUI PARTECIPEREMO Dal 14 al 17 aprile 2024 ci troverete a Verona per la 56esima edizione di Vinitaly, il salone internazionale dei vini e distillati. Vinitaly \u00e8 la prima fiera del vino e dei distillati rivolta agli operatori del business sui mercati internazionali, con circa 1200 top-buyer, numero in crescita del [&hellip;]\" \/>\n<meta property=\"og:url\" content=\"https:\/\/www.triacca.com\/it\/vinitaly-2024\/\" \/>\n<meta property=\"og:site_name\" content=\"Casa Vinicola Triacca\" \/>\n<meta property=\"article:publisher\" content=\"https:\/\/www.facebook.com\/casavinicolatriacca\/\" \/>\n<meta property=\"article:published_time\" content=\"2024-04-13T15:16:35+00:00\" \/>\n<meta property=\"article:modified_time\" content=\"2024-04-13T15:25:39+00:00\" \/>\n<meta property=\"og:image\" content=\"https:\/\/www.triacca.com\/wp-content\/uploads\/2024\/04\/vinitaly.png\" \/>\n\t<meta property=\"og:image:width\" content=\"978\" \/>\n\t<meta property=\"og:image:height\" content=\"462\" \/>\n\t<meta property=\"og:image:type\" content=\"image\/png\" \/>\n<meta name=\"author\" content=\"francesca.bonazzi\" \/>\n<meta name=\"twitter:card\" content=\"summary_large_image\" \/>\n<meta name=\"twitter:label1\" content=\"Scritto da\" \/>\n\t<meta name=\"twitter:data1\" content=\"francesca.bonazzi\" \/>\n\t<meta name=\"twitter:label2\" content=\"Tempo di lettura stimato\" \/>\n\t<meta name=\"twitter:data2\" content=\"3 minuti\" \/>\n<script type=\"application\/ld+json\" class=\"yoast-schema-graph\">{\"@context\":\"https:\/\/schema.org\",\"@graph\":[{\"@type\":\"Article\",\"@id\":\"https:\/\/www.triacca.com\/it\/vinitaly-2024\/#article\",\"isPartOf\":{\"@id\":\"https:\/\/www.triacca.com\/it\/vinitaly-2024\/\"},\"author\":{\"name\":\"francesca.bonazzi\",\"@id\":\"https:\/\/www.triacca.com\/it\/#\/schema\/person\/b31016f567cffdbd5069abadc62e12b5\"},\"headline\":\"Vinitaly 2024\",\"datePublished\":\"2024-04-13T15:16:35+00:00\",\"dateModified\":\"2024-04-13T15:25:39+00:00\",\"mainEntityOfPage\":{\"@id\":\"https:\/\/www.triacca.com\/it\/vinitaly-2024\/\"},\"wordCount\":308,\"publisher\":{\"@id\":\"https:\/\/www.triacca.com\/it\/#organization\"},\"image\":{\"@id\":\"https:\/\/www.triacca.com\/it\/vinitaly-2024\/#primaryimage\"},\"thumbnailUrl\":\"https:\/\/www.triacca.com\/wp-content\/uploads\/2024\/04\/vinitaly.png\",\"keywords\":[\"chianticlassico\",\"edoardofreddiinternational\",\"lamadonnina\",\"nuovibrand\",\"santavenere\",\"valtellina\",\"verona\",\"vinitaly\",\"vinitaly2024\",\"vinitalyandthecity\",\"vinonobiledimontepulciano\"],\"articleSection\":[\"Eventi\",\"Non categorizzato\"],\"inLanguage\":\"it-IT\"},{\"@type\":\"WebPage\",\"@id\":\"https:\/\/www.triacca.com\/it\/vinitaly-2024\/\",\"url\":\"https:\/\/www.triacca.com\/it\/vinitaly-2024\/\",\"name\":\"Vinitaly 2024 - Casa Vinicola Triacca\",\"isPartOf\":{\"@id\":\"https:\/\/www.triacca.com\/it\/#website\"},\"primaryImageOfPage\":{\"@id\":\"https:\/\/www.triacca.com\/it\/vinitaly-2024\/#primaryimage\"},\"image\":{\"@id\":\"https:\/\/www.triacca.com\/it\/vinitaly-2024\/#primaryimage\"},\"thumbnailUrl\":\"https:\/\/www.triacca.com\/wp-content\/uploads\/2024\/04\/vinitaly.png\",\"datePublished\":\"2024-04-13T15:16:35+00:00\",\"dateModified\":\"2024-04-13T15:25:39+00:00\",\"breadcrumb\":{\"@id\":\"https:\/\/www.triacca.com\/it\/vinitaly-2024\/#breadcrumb\"},\"inLanguage\":\"it-IT\",\"potentialAction\":[{\"@type\":\"ReadAction\",\"target\":[\"https:\/\/www.triacca.com\/it\/vinitaly-2024\/\"]}]},{\"@type\":\"ImageObject\",\"inLanguage\":\"it-IT\",\"@id\":\"https:\/\/www.triacca.com\/it\/vinitaly-2024\/#primaryimage\",\"url\":\"https:\/\/www.triacca.com\/wp-content\/uploads\/2024\/04\/vinitaly.png\",\"contentUrl\":\"https:\/\/www.triacca.com\/wp-content\/uploads\/2024\/04\/vinitaly.png\",\"width\":978,\"height\":462},{\"@type\":\"BreadcrumbList\",\"@id\":\"https:\/\/www.triacca.com\/it\/vinitaly-2024\/#breadcrumb\",\"itemListElement\":[{\"@type\":\"ListItem\",\"position\":1,\"name\":\"Home\",\"item\":\"https:\/\/www.triacca.com\/it\/\"},{\"@type\":\"ListItem\",\"position\":2,\"name\":\"Vinitaly 2024\"}]},{\"@type\":\"WebSite\",\"@id\":\"https:\/\/www.triacca.com\/it\/#website\",\"url\":\"https:\/\/www.triacca.com\/it\/\",\"name\":\"Casa Vinicola Triacca\",\"description\":\"Dalla Mia Vigna\",\"publisher\":{\"@id\":\"https:\/\/www.triacca.com\/it\/#organization\"},\"potentialAction\":[{\"@type\":\"SearchAction\",\"target\":{\"@type\":\"EntryPoint\",\"urlTemplate\":\"https:\/\/www.triacca.com\/it\/?s={search_term_string}\"},\"query-input\":{\"@type\":\"PropertyValueSpecification\",\"valueRequired\":true,\"valueName\":\"search_term_string\"}}],\"inLanguage\":\"it-IT\"},{\"@type\":\"Organization\",\"@id\":\"https:\/\/www.triacca.com\/it\/#organization\",\"name\":\"Casa Vinicola Triacca\",\"url\":\"https:\/\/www.triacca.com\/it\/\",\"logo\":{\"@type\":\"ImageObject\",\"inLanguage\":\"it-IT\",\"@id\":\"https:\/\/www.triacca.com\/it\/#\/schema\/logo\/image\/\",\"url\":\"https:\/\/www.triacca.com\/wp-content\/uploads\/2021\/11\/triacca-logo.png\",\"contentUrl\":\"https:\/\/www.triacca.com\/wp-content\/uploads\/2021\/11\/triacca-logo.png\",\"width\":3334,\"height\":907,\"caption\":\"Casa Vinicola Triacca\"},\"image\":{\"@id\":\"https:\/\/www.triacca.com\/it\/#\/schema\/logo\/image\/\"},\"sameAs\":[\"https:\/\/www.facebook.com\/casavinicolatriacca\/\",\"https:\/\/www.instagram.com\/vinitriacca\/\",\"https:\/\/www.youtube.com\/channel\/UCH8D72i8bfiWY9NaVjgY7kg\"]},{\"@type\":\"Person\",\"@id\":\"https:\/\/www.triacca.com\/it\/#\/schema\/person\/b31016f567cffdbd5069abadc62e12b5\",\"name\":\"francesca.bonazzi\",\"image\":{\"@type\":\"ImageObject\",\"inLanguage\":\"it-IT\",\"@id\":\"https:\/\/www.triacca.com\/it\/#\/schema\/person\/image\/\",\"url\":\"https:\/\/secure.gravatar.com\/avatar\/3810ffbc1d5d893b26c05853d145db77a6017d90510a3fcca3f3db45d33deffa?s=96&d=mm&r=g\",\"contentUrl\":\"https:\/\/secure.gravatar.com\/avatar\/3810ffbc1d5d893b26c05853d145db77a6017d90510a3fcca3f3db45d33deffa?s=96&d=mm&r=g\",\"caption\":\"francesca.bonazzi\"},\"url\":\"https:\/\/www.triacca.com\/it\/author\/francesca-bonazzi\/\"}]}<\/script>\n<!-- \/ Yoast SEO plugin. -->","yoast_head_json":{"title":"Vinitaly 2024 - Casa Vinicola Triacca","robots":{"index":"index","follow":"follow","max-snippet":"max-snippet:-1","max-image-preview":"max-image-preview:large","max-video-preview":"max-video-preview:-1"},"canonical":"https:\/\/www.triacca.com\/it\/vinitaly-2024\/","og_locale":"it_IT","og_type":"article","og_title":"Vinitaly 2024 - Casa Vinicola Triacca","og_description":"EVENTI E FIERE A CUI PARTECIPEREMO Dal 14 al 17 aprile 2024 ci troverete a Verona per la 56esima edizione di Vinitaly, il salone internazionale dei vini e distillati. Vinitaly \u00e8 la prima fiera del vino e dei distillati rivolta agli operatori del business sui mercati internazionali, con circa 1200 top-buyer, numero in crescita del [&hellip;]","og_url":"https:\/\/www.triacca.com\/it\/vinitaly-2024\/","og_site_name":"Casa Vinicola Triacca","article_publisher":"https:\/\/www.facebook.com\/casavinicolatriacca\/","article_published_time":"2024-04-13T15:16:35+00:00","article_modified_time":"2024-04-13T15:25:39+00:00","og_image":[{"width":978,"height":462,"url":"https:\/\/www.triacca.com\/wp-content\/uploads\/2024\/04\/vinitaly.png","type":"image\/png"}],"author":"francesca.bonazzi","twitter_card":"summary_large_image","twitter_misc":{"Scritto da":"francesca.bonazzi","Tempo di lettura stimato":"3 minuti"},"schema":{"@context":"https:\/\/schema.org","@graph":[{"@type":"Article","@id":"https:\/\/www.triacca.com\/it\/vinitaly-2024\/#article","isPartOf":{"@id":"https:\/\/www.triacca.com\/it\/vinitaly-2024\/"},"author":{"name":"francesca.bonazzi","@id":"https:\/\/www.triacca.com\/it\/#\/schema\/person\/b31016f567cffdbd5069abadc62e12b5"},"headline":"Vinitaly 2024","datePublished":"2024-04-13T15:16:35+00:00","dateModified":"2024-04-13T15:25:39+00:00","mainEntityOfPage":{"@id":"https:\/\/www.triacca.com\/it\/vinitaly-2024\/"},"wordCount":308,"publisher":{"@id":"https:\/\/www.triacca.com\/it\/#organization"},"image":{"@id":"https:\/\/www.triacca.com\/it\/vinitaly-2024\/#primaryimage"},"thumbnailUrl":"https:\/\/www.triacca.com\/wp-content\/uploads\/2024\/04\/vinitaly.png","keywords":["chianticlassico","edoardofreddiinternational","lamadonnina","nuovibrand","santavenere","valtellina","verona","vinitaly","vinitaly2024","vinitalyandthecity","vinonobiledimontepulciano"],"articleSection":["Eventi","Non categorizzato"],"inLanguage":"it-IT"},{"@type":"WebPage","@id":"https:\/\/www.triacca.com\/it\/vinitaly-2024\/","url":"https:\/\/www.triacca.com\/it\/vinitaly-2024\/","name":"Vinitaly 2024 - Casa Vinicola Triacca","isPartOf":{"@id":"https:\/\/www.triacca.com\/it\/#website"},"primaryImageOfPage":{"@id":"https:\/\/www.triacca.com\/it\/vinitaly-2024\/#primaryimage"},"image":{"@id":"https:\/\/www.triacca.com\/it\/vinitaly-2024\/#primaryimage"},"thumbnailUrl":"https:\/\/www.triacca.com\/wp-content\/uploads\/2024\/04\/vinitaly.png","datePublished":"2024-04-13T15:16:35+00:00","dateModified":"2024-04-13T15:25:39+00:00","breadcrumb":{"@id":"https:\/\/www.triacca.com\/it\/vinitaly-2024\/#breadcrumb"},"inLanguage":"it-IT","potentialAction":[{"@type":"ReadAction","target":["https:\/\/www.triacca.com\/it\/vinitaly-2024\/"]}]},{"@type":"ImageObject","inLanguage":"it-IT","@id":"https:\/\/www.triacca.com\/it\/vinitaly-2024\/#primaryimage","url":"https:\/\/www.triacca.com\/wp-content\/uploads\/2024\/04\/vinitaly.png","contentUrl":"https:\/\/www.triacca.com\/wp-content\/uploads\/2024\/04\/vinitaly.png","width":978,"height":462},{"@type":"BreadcrumbList","@id":"https:\/\/www.triacca.com\/it\/vinitaly-2024\/#breadcrumb","itemListElement":[{"@type":"ListItem","position":1,"name":"Home","item":"https:\/\/www.triacca.com\/it\/"},{"@type":"ListItem","position":2,"name":"Vinitaly 2024"}]},{"@type":"WebSite","@id":"https:\/\/www.triacca.com\/it\/#website","url":"https:\/\/www.triacca.com\/it\/","name":"Casa Vinicola Triacca","description":"Dalla Mia Vigna","publisher":{"@id":"https:\/\/www.triacca.com\/it\/#organization"},"potentialAction":[{"@type":"SearchAction","target":{"@type":"EntryPoint","urlTemplate":"https:\/\/www.triacca.com\/it\/?s={search_term_string}"},"query-input":{"@type":"PropertyValueSpecification","valueRequired":true,"valueName":"search_term_string"}}],"inLanguage":"it-IT"},{"@type":"Organization","@id":"https:\/\/www.triacca.com\/it\/#organization","name":"Casa Vinicola Triacca","url":"https:\/\/www.triacca.com\/it\/","logo":{"@type":"ImageObject","inLanguage":"it-IT","@id":"https:\/\/www.triacca.com\/it\/#\/schema\/logo\/image\/","url":"https:\/\/www.triacca.com\/wp-content\/uploads\/2021\/11\/triacca-logo.png","contentUrl":"https:\/\/www.triacca.com\/wp-content\/uploads\/2021\/11\/triacca-logo.png","width":3334,"height":907,"caption":"Casa Vinicola Triacca"},"image":{"@id":"https:\/\/www.triacca.com\/it\/#\/schema\/logo\/image\/"},"sameAs":["https:\/\/www.facebook.com\/casavinicolatriacca\/","https:\/\/www.instagram.com\/vinitriacca\/","https:\/\/www.youtube.com\/channel\/UCH8D72i8bfiWY9NaVjgY7kg"]},{"@type":"Person","@id":"https:\/\/www.triacca.com\/it\/#\/schema\/person\/b31016f567cffdbd5069abadc62e12b5","name":"francesca.bonazzi","image":{"@type":"ImageObject","inLanguage":"it-IT","@id":"https:\/\/www.triacca.com\/it\/#\/schema\/person\/image\/","url":"https:\/\/secure.gravatar.com\/avatar\/3810ffbc1d5d893b26c05853d145db77a6017d90510a3fcca3f3db45d33deffa?s=96&d=mm&r=g","contentUrl":"https:\/\/secure.gravatar.com\/avatar\/3810ffbc1d5d893b26c05853d145db77a6017d90510a3fcca3f3db45d33deffa?s=96&d=mm&r=g","caption":"francesca.bonazzi"},"url":"https:\/\/www.triacca.com\/it\/author\/francesca-bonazzi\/"}]}},"_links":{"self":[{"href":"https:\/\/www.triacca.com\/it\/wp-json\/wp\/v2\/posts\/17544","targetHints":{"allow":["GET"]}}],"collection":[{"href":"https:\/\/www.triacca.com\/it\/wp-json\/wp\/v2\/posts"}],"about":[{"href":"https:\/\/www.triacca.com\/it\/wp-json\/wp\/v2\/types\/post"}],"author":[{"embeddable":true,"href":"https:\/\/www.triacca.com\/it\/wp-json\/wp\/v2\/users\/11"}],"replies":[{"embeddable":true,"href":"https:\/\/www.triacca.com\/it\/wp-json\/wp\/v2\/comments?post=17544"}],"version-history":[{"count":8,"href":"https:\/\/www.triacca.com\/it\/wp-json\/wp\/v2\/posts\/17544\/revisions"}],"predecessor-version":[{"id":17567,"href":"https:\/\/www.triacca.com\/it\/wp-json\/wp\/v2\/posts\/17544\/revisions\/17567"}],"wp:featuredmedia":[{"embeddable":true,"href":"https:\/\/www.triacca.com\/it\/wp-json\/wp\/v2\/media\/17546"}],"wp:attachment":[{"href":"https:\/\/www.triacca.com\/it\/wp-json\/wp\/v2\/media?parent=17544"}],"wp:term":[{"taxonomy":"category","embeddable":true,"href":"https:\/\/www.triacca.com\/it\/wp-json\/wp\/v2\/categories?post=17544"},{"taxonomy":"post_tag","embeddable":true,"href":"https:\/\/www.triacca.com\/it\/wp-json\/wp\/v2\/tags?post=17544"}],"curies":[{"name":"wp","href":"https:\/\/api.w.org\/{rel}","templated":true}]}}